{"id":396,"date":"2023-03-28T10:43:14","date_gmt":"2023-03-28T09:43:14","guid":{"rendered":"https:\/\/www.iespintorjosemariafernandez.es\/?p=396"},"modified":"2023-04-13T10:28:53","modified_gmt":"2023-04-13T09:28:53","slug":"feria-de-formacion-profesional-2023","status":"publish","type":"post","link":"https:\/\/www.iespintorjosemariafernandez.es\/index.php\/2023\/03\/28\/feria-de-formacion-profesional-2023\/","title":{"rendered":"Feria de Formaci\u00f3n Profesional 2023"},"content":{"rendered":"\t\t<div data-elementor-type=\"wp-post\" data-elementor-id=\"396\" class=\"elementor elementor-396\">\n\t\t\t\t\t\t<section class=\"elementor-section elementor-top-section elementor-element elementor-element-810789a elementor-section-boxed elementor-section-height-default elementor-section-height-default\" data-id=\"810789a\" data-element_type=\"section\" data-e-type=\"section\">\n\t\t\t\t\t\t<div class=\"elementor-container elementor-column-gap-default\">\n\t\t\t\t\t<div class=\"elementor-column elementor-col-100 elementor-top-column elementor-element elementor-element-b00d9ad\" data-id=\"b00d9ad\" data-element_type=\"column\" data-e-type=\"column\">\n\t\t\t<div class=\"elementor-widget-wrap elementor-element-populated\">\n\t\t\t\t\t\t<div class=\"elementor-element elementor-element-90431ca elementor-widget elementor-widget-text-editor\" data-id=\"90431ca\" data-element_type=\"widget\" data-e-type=\"widget\" data-widget_type=\"text-editor.default\">\n\t\t\t\t<div class=\"elementor-widget-container\">\n\t\t\t\t\t\t\t\t\t<p>Los pr\u00f3ximos d\u00edas 29 y 30 de marzo se celebrar\u00e1 la <b>Feria de Formaci\u00f3n Profesional<\/b> en la Plaza de Toros de Antequera.<\/p>\n<p>\u00a0<\/p>\t\t\t\t\t\t\t\t<\/div>\n\t\t\t\t<\/div>\n\t\t\t\t\t<\/div>\n\t\t<\/div>\n\t\t\t\t\t<\/div>\n\t\t<\/section>\n\t\t\t\t<section class=\"elementor-section elementor-top-section elementor-element elementor-element-a2cdc66 elementor-section-boxed elementor-section-height-default elementor-section-height-default\" data-id=\"a2cdc66\" data-element_type=\"section\" data-e-type=\"section\">\n\t\t\t\t\t\t<div class=\"elementor-container elementor-column-gap-default\">\n\t\t\t\t\t<div class=\"elementor-column elementor-col-100 elementor-top-column elementor-element elementor-element-ea46ccd\" data-id=\"ea46ccd\" data-element_type=\"column\" data-e-type=\"column\">\n\t\t\t<div class=\"elementor-widget-wrap elementor-element-populated\">\n\t\t\t\t\t\t<div class=\"elementor-element elementor-element-3112634 elementor-widget elementor-widget-google_maps\" data-id=\"3112634\" data-element_type=\"widget\" data-e-type=\"widget\" data-widget_type=\"google_maps.default\">\n\t\t\t\t<div class=\"elementor-widget-container\">\n\t\t\t\t\t\t\t<div class=\"elementor-custom-embed\">\n\t\t\t<iframe loading=\"lazy\"\n\t\t\t\t\tsrc=\"https:\/\/maps.google.com\/maps?q=plaza%20de%20toros%20antequera&#038;t=m&#038;z=18&#038;output=embed&#038;iwloc=near\"\n\t\t\t\t\ttitle=\"plaza de toros antequera\"\n\t\t\t\t\taria-label=\"plaza de toros antequera\"\n\t\t\t><\/iframe>\n\t\t<\/div>\n\t\t\t\t\t\t<\/div>\n\t\t\t\t<\/div>\n\t\t\t\t\t<\/div>\n\t\t<\/div>\n\t\t\t\t\t<\/div>\n\t\t<\/section>\n\t\t\t\t<section class=\"elementor-section elementor-top-section elementor-element elementor-element-e76da3 elementor-section-boxed elementor-section-height-default elementor-section-height-default\" data-id=\"e76da3\" data-element_type=\"section\" data-e-type=\"section\">\n\t\t\t\t\t\t<div class=\"elementor-container elementor-column-gap-default\">\n\t\t\t\t\t<div class=\"elementor-column elementor-col-100 elementor-top-column elementor-element elementor-element-1320b74a\" data-id=\"1320b74a\" data-element_type=\"column\" data-e-type=\"column\">\n\t\t\t<div class=\"elementor-widget-wrap elementor-element-populated\">\n\t\t\t\t\t\t<div class=\"elementor-element elementor-element-23164348 elementor-widget elementor-widget-text-editor\" data-id=\"23164348\" data-element_type=\"widget\" data-e-type=\"widget\" data-widget_type=\"text-editor.default\">\n\t\t\t\t<div class=\"elementor-widget-container\">\n\t\t\t\t\t\t\t\t\t<p>\u00a0<\/p>\n<p><\/p>\n<p>\u00a0<\/p>\n<p><div id=\"wpgmza_map_1\" class=\"wpgmza_map wpgmza-auto-left\" style=\"display:block;width:100%;height:400px;overflow:hidden;position:relative;\" data-map-id=\"1\" data-maps-engine=\"open-layers\" data-build-engine=\"atlas-novus\" data-shortcode-attributes=\"{&quot;id&quot;:&quot;1&quot;,&quot;zoom&quot;:false,&quot;width&quot;:false,&quot;height&quot;:false,&quot;marker&quot;:false,&quot;classname&quot;:false}\" data-settings=\"{&quot;map_title&quot;:&quot;Mi primer mapa&quot;,&quot;map_width&quot;:&quot;100&quot;,&quot;map_height&quot;:&quot;400&quot;,&quot;map_start_lat&quot;:&quot;37.02339510077921&quot;,&quot;map_start_lng&quot;:&quot;-4.545154710770833&quot;,&quot;map_start_location&quot;:&quot;45.950464398418106,-109.81550500000003&quot;,&quot;map_start_zoom&quot;:&quot;18&quot;,&quot;default_marker&quot;:&quot;&quot;,&quot;type&quot;:&quot;1&quot;,&quot;alignment&quot;:&quot;4&quot;,&quot;directions_enabled&quot;:&quot;0&quot;,&quot;styling_enabled&quot;:&quot;0&quot;,&quot;styling_json&quot;:&quot;&quot;,&quot;active&quot;:&quot;0&quot;,&quot;kml&quot;:&quot;&quot;,&quot;bicycle&quot;:&quot;0&quot;,&quot;traffic&quot;:&quot;0&quot;,&quot;dbox&quot;:&quot;0&quot;,&quot;dbox_width&quot;:&quot;&quot;,&quot;listmarkers&quot;:&quot;0&quot;,&quot;listmarkers_advanced&quot;:&quot;0&quot;,&quot;filterbycat&quot;:&quot;0&quot;,&quot;ugm_enabled&quot;:&quot;0&quot;,&quot;ugm_category_enabled&quot;:&quot;0&quot;,&quot;fusion&quot;:&quot;&quot;,&quot;map_width_type&quot;:&quot;%&quot;,&quot;map_height_type&quot;:&quot;px&quot;,&quot;mass_marker_support&quot;:&quot;0&quot;,&quot;ugm_access&quot;:&quot;0&quot;,&quot;order_markers_by&quot;:&quot;0&quot;,&quot;order_markers_choice&quot;:&quot;0&quot;,&quot;show_user_location&quot;:&quot;0&quot;,&quot;default_to&quot;:&quot;&quot;,&quot;map_type&quot;:1,&quot;sl_stroke_color&quot;:&quot;&quot;,&quot;sl_fill_color&quot;:&quot;&quot;,&quot;sl_stroke_opacity&quot;:&quot;&quot;,&quot;sl_fill_opacity&quot;:&quot;&quot;,&quot;transport_layer&quot;:false,&quot;action&quot;:&quot;wpgmza_save_map&quot;,&quot;redirect_to&quot;:&quot;\\\/wp2\\\/wp-admin\\\/admin-post.php&quot;,&quot;map_id&quot;:&quot;1&quot;,&quot;wpgmza_savemap&quot;:&quot;Guardar Mapa&quot;,&quot;http_referer&quot;:&quot;\\\/wp2\\\/wp-admin\\\/admin.php?page=wp-google-maps-menu&amp;amp;action=edit&amp;amp;map_id=1&quot;,&quot;wpgmza_id&quot;:&quot;1&quot;,&quot;wpgmza_start_location&quot;:&quot;37.02339510077921,-4.545154710770833&quot;,&quot;wpgmza_start_zoom&quot;:&quot;18&quot;,&quot;wpgmza_map_align&quot;:&quot;1&quot;,&quot;store_locator_enabled&quot;:false,&quot;store_locator_distance&quot;:false,&quot;store_locator_search_area&quot;:&quot;radial&quot;,&quot;wpgmza_store_locator_default_radius&quot;:&quot;10&quot;,&quot;store_locator_auto_area_max_zoom&quot;:&quot;&quot;,&quot;wpgmza_store_locator_radius_style&quot;:&quot;legacy&quot;,&quot;store_locator_component_anchor&quot;:&quot;0&quot;,&quot;wpgmza_store_locator_bounce&quot;:false,&quot;wpgmza_sl_animation&quot;:null,&quot;store_locator_query_string&quot;:&quot;&quot;,&quot;store_locator_location_placeholder&quot;:&quot;&quot;,&quot;store_locator_default_address&quot;:&quot;&quot;,&quot;store_locator_name_search&quot;:false,&quot;store_locator_name_string&quot;:&quot;&quot;,&quot;store_locator_not_found_message&quot;:&quot;&quot;,&quot;store_locator_show_distance&quot;:false,&quot;store_locator_category&quot;:false,&quot;wpgmza_store_locator_use_their_location&quot;:false,&quot;wpgmza_store_locator_hide_before_search&quot;:false,&quot;store_locator_nearby_searches&quot;:false,&quot;wpgmza_theme_data&quot;:&quot;&quot;,&quot;custom_tile_enabled&quot;:false,&quot;custom_tile_image&quot;:&quot;&quot;,&quot;custom_tile_image_width&quot;:&quot;&quot;,&quot;custom_tile_image_height&quot;:&quot;&quot;,&quot;custom_tile_image_attribution&quot;:&quot;&quot;,&quot;iw_primary_color&quot;:&quot;#000000&quot;,&quot;iw_accent_color&quot;:&quot;#000000&quot;,&quot;iw_text_color&quot;:&quot;#000000&quot;,&quot;close_infowindow_on_map_click&quot;:false,&quot;marker_share_links&quot;:false,&quot;wpgmza_listmarkers_by&quot;:&quot;0&quot;,&quot;marker_listing_component_anchor&quot;:null,&quot;marker_listing_component_auto_open&quot;:false,&quot;dataTable_pagination_style&quot;:null,&quot;category_filter_component_anchor&quot;:null,&quot;zoom_level_on_marker_listing_override&quot;:false,&quot;zoom_level_on_marker_listing_click&quot;:&quot;&quot;,&quot;marker_listing_disable_zoom&quot;:false,&quot;datatable_no_result_message&quot;:&quot;&quot;,&quot;remove_search_box_datables&quot;:false,&quot;datatable_search_string&quot;:&quot;&quot;,&quot;datatable_result_start&quot;:&quot;&quot;,&quot;datatable_result_of&quot;:&quot;&quot;,&quot;datatable_result_to&quot;:&quot;&quot;,&quot;datatable_result_total&quot;:&quot;&quot;,&quot;datatable_result_show&quot;:&quot;&quot;,&quot;datatable_result_entries&quot;:&quot;&quot;,&quot;category_legends_enabled&quot;:false,&quot;category_legends_component_anchor&quot;:null,&quot;jump_to_nearest_marker_on_initialization&quot;:false,&quot;click_open_link&quot;:false,&quot;wpgmza_zoom_on_marker_click&quot;:false,&quot;wpgmza_zoom_on_marker_click_slider&quot;:&quot;&quot;,&quot;polygon_labels&quot;:false,&quot;disable_polygon_info_windows&quot;:false,&quot;fit_maps_bounds_to_markers&quot;:false,&quot;fit_maps_bounds_to_markers_after_filtering&quot;:false,&quot;automatically_pan_to_users_location&quot;:false,&quot;override_users_location_zoom_level&quot;:false,&quot;override_users_location_zoom_levels&quot;:&quot;&quot;,&quot;show_distance_from_location&quot;:false,&quot;map_starts_in_streetview&quot;:false,&quot;map_starts_in_streetview_location&quot;:&quot;&quot;,&quot;map_starts_in_streetview_heading&quot;:&quot;&quot;,&quot;map_starts_in_streetview_pitch&quot;:&quot;&quot;,&quot;map_max_zoom&quot;:&quot;21&quot;,&quot;map_min_zoom&quot;:&quot;0&quot;,&quot;hide_point_of_interest&quot;:false,&quot;disable_lightbox_images&quot;:false,&quot;use_Raw_Jpeg_Coordinates&quot;:false,&quot;enable_marker_ratings&quot;:false,&quot;only_load_markers_within_viewport&quot;:false,&quot;id&quot;:1}\" ><\/div><\/p>\n<p>Nuestro IES presentar\u00e1 un <em>stand<\/em> en el que los asistentes podr\u00e1n conocer nuestra oferta en estas ense\u00f1anzas. Los horarios son los siguientes:<\/p>\n<p><\/p>\n<figure class=\"wp-block-table is-style-stripes\">\n<table class=\"has-vivid-purple-color has-text-color\">\n<tbody>\n<tr>\n<td><strong>MI\u00c9RCOLES 29, MA\u00d1ANA<\/strong><\/td>\n<td><strong>DE 9:00 A 14:00 HORAS<\/strong><\/td>\n<\/tr>\n<tr>\n<td><strong>MI\u00c9RCOLES 29, TARDE<\/strong><\/td>\n<td><strong>DE 16:00 A 19:00 HORAS<\/strong><\/td>\n<\/tr>\n<tr>\n<td><strong>JUEVES 30, MA\u00d1ANA<\/strong><\/td>\n<td><strong>DE 9:00 A 14:00<\/strong><\/td>\n<\/tr>\n<\/tbody>\n<\/table>\n<\/figure>\n<p><\/p>\n<p>Os animamos a que nos visit\u00e9is y a que nos conozc\u00e1is en persona.<\/p>\n<p>Si quer\u00e9is m\u00e1s informaci\u00f3n sobre nuestra oferta de Ciclos Formativos, pod\u00e9is visitar tambi\u00e9n las secciones correspondientes a nuestras dos familias profesionales en esta web: <a href=\"https:\/\/iespintorjosemariafernandez.es\/wp2\/index.php\/formacion-profesional\/\" data-type=\"page\" data-id=\"21\">Administraci\u00f3n y Finanzas<\/a> y <a href=\"https:\/\/iespintorjosemariafernandez.es\/wp2\/index.php\/serv-socioculturales-y-a-la-comunidad\/\" data-type=\"page\" data-id=\"43\">Servicios Socioculturales y a la Comunidad<\/a>.<\/p>\n<p><\/p>\t\t\t\t\t\t\t\t<\/div>\n\t\t\t\t<\/div>\n\t\t\t\t\t<\/div>\n\t\t<\/div>\n\t\t\t\t\t<\/div>\n\t\t<\/section>\n\t\t\t\t<\/div>\n\t\t","protected":false},"excerpt":{"rendered":"<p>Los pr\u00f3ximos d\u00edas 29 y 30 de marzo se celebrar\u00e1 la Feria de Formaci\u00f3n Profesional en la Plaza de Toros de Antequera. \u00a0 Nuestro IES presentar\u00e1 un stand en el que los asistentes podr\u00e1n conocer nuestra oferta en estas ense\u00f1anzas. Los horarios son los siguientes: MI\u00c9RCOLES 29, MA\u00d1ANA DE 9:00 A 14:00 HORAS MI\u00c9RCOLES 29, [&hellip;]<\/p>\n","protected":false},"author":1,"featured_media":406,"comment_status":"open","ping_status":"open","sticky":false,"template":"","format":"standard","meta":{"_eb_attr":"","footnotes":""},"categories":[3,8],"tags":[],"class_list":["post-396","post","type-post","status-publish","format-standard","has-post-thumbnail","hentry","category-activ","category-fp"],"yoast_head":"<!-- This site is optimized with the Yoast SEO plugin v27.0 - https:\/\/yoast.com\/product\/yoast-seo-wordpress\/ -->\n<title>Feria de Formaci\u00f3n Profesional 2023 - IES Pintor Jos\u00e9 M\u00aa Fern\u00e1ndez<\/title>\n<meta name=\"robots\" content=\"index, follow, max-snippet:-1, max-image-preview:large, max-video-preview:-1\" \/>\n<link rel=\"canonical\" href=\"https:\/\/www.iespintorjosemariafernandez.es\/index.php\/2023\/03\/28\/feria-de-formacion-profesional-2023\/\" \/>\n<meta property=\"og:locale\" content=\"es_ES\" \/>\n<meta property=\"og:type\" content=\"article\" \/>\n<meta property=\"og:title\" content=\"Feria de Formaci\u00f3n Profesional 2023 - IES Pintor Jos\u00e9 M\u00aa Fern\u00e1ndez\" \/>\n<meta property=\"og:description\" content=\"Los pr\u00f3ximos d\u00edas 29 y 30 de marzo se celebrar\u00e1 la Feria de Formaci\u00f3n Profesional en la Plaza de Toros de Antequera. \u00a0 Nuestro IES presentar\u00e1 un stand en el que los asistentes podr\u00e1n conocer nuestra oferta en estas ense\u00f1anzas. Los horarios son los siguientes: MI\u00c9RCOLES 29, MA\u00d1ANA DE 9:00 A 14:00 HORAS MI\u00c9RCOLES 29, [&hellip;]\" \/>\n<meta property=\"og:url\" content=\"https:\/\/www.iespintorjosemariafernandez.es\/index.php\/2023\/03\/28\/feria-de-formacion-profesional-2023\/\" \/>\n<meta property=\"og:site_name\" content=\"IES Pintor Jos\u00e9 M\u00aa Fern\u00e1ndez\" \/>\n<meta property=\"article:publisher\" content=\"https:\/\/www.facebook.com\/iesjosemaria.fernandez.5\" \/>\n<meta property=\"article:published_time\" content=\"2023-03-28T09:43:14+00:00\" \/>\n<meta property=\"article:modified_time\" content=\"2023-04-13T09:28:53+00:00\" \/>\n<meta property=\"og:image\" content=\"https:\/\/www.iespintorjosemariafernandez.es\/wp-content\/uploads\/2023\/03\/plazatoros.jpg\" \/>\n\t<meta property=\"og:image:width\" content=\"300\" \/>\n\t<meta property=\"og:image:height\" content=\"200\" \/>\n\t<meta property=\"og:image:type\" content=\"image\/jpeg\" \/>\n<meta name=\"author\" content=\"admin\" \/>\n<meta name=\"twitter:card\" content=\"summary_large_image\" \/>\n<meta name=\"twitter:creator\" content=\"@JmfPintor\" \/>\n<meta name=\"twitter:site\" content=\"@JmfPintor\" \/>\n<meta name=\"twitter:label1\" content=\"Escrito por\" \/>\n\t<meta name=\"twitter:data1\" content=\"admin\" \/>\n\t<meta name=\"twitter:label2\" content=\"Tiempo de lectura\" \/>\n\t<meta name=\"twitter:data2\" content=\"1 minuto\" \/>\n<script type=\"application\/ld+json\" class=\"yoast-schema-graph\">{\"@context\":\"https:\/\/schema.org\",\"@graph\":[{\"@type\":\"Article\",\"@id\":\"https:\/\/www.iespintorjosemariafernandez.es\/index.php\/2023\/03\/28\/feria-de-formacion-profesional-2023\/#article\",\"isPartOf\":{\"@id\":\"https:\/\/www.iespintorjosemariafernandez.es\/index.php\/2023\/03\/28\/feria-de-formacion-profesional-2023\/\"},\"author\":{\"name\":\"admin\",\"@id\":\"https:\/\/www.iespintorjosemariafernandez.es\/#\/schema\/person\/0805ccb6cb3189b15252bc9077af5344\"},\"headline\":\"Feria de Formaci\u00f3n Profesional 2023\",\"datePublished\":\"2023-03-28T09:43:14+00:00\",\"dateModified\":\"2023-04-13T09:28:53+00:00\",\"mainEntityOfPage\":{\"@id\":\"https:\/\/www.iespintorjosemariafernandez.es\/index.php\/2023\/03\/28\/feria-de-formacion-profesional-2023\/\"},\"wordCount\":125,\"commentCount\":0,\"publisher\":{\"@id\":\"https:\/\/www.iespintorjosemariafernandez.es\/#organization\"},\"image\":{\"@id\":\"https:\/\/www.iespintorjosemariafernandez.es\/index.php\/2023\/03\/28\/feria-de-formacion-profesional-2023\/#primaryimage\"},\"thumbnailUrl\":\"https:\/\/www.iespintorjosemariafernandez.es\/wp-content\/uploads\/2023\/03\/plazatoros.jpg\",\"articleSection\":[\"Actividades\",\"Formaci\u00f3n Profesional\"],\"inLanguage\":\"es\",\"potentialAction\":[{\"@type\":\"CommentAction\",\"name\":\"Comment\",\"target\":[\"https:\/\/www.iespintorjosemariafernandez.es\/index.php\/2023\/03\/28\/feria-de-formacion-profesional-2023\/#respond\"]}]},{\"@type\":\"WebPage\",\"@id\":\"https:\/\/www.iespintorjosemariafernandez.es\/index.php\/2023\/03\/28\/feria-de-formacion-profesional-2023\/\",\"url\":\"https:\/\/www.iespintorjosemariafernandez.es\/index.php\/2023\/03\/28\/feria-de-formacion-profesional-2023\/\",\"name\":\"Feria de Formaci\u00f3n Profesional 2023 - IES Pintor Jos\u00e9 M\u00aa Fern\u00e1ndez\",\"isPartOf\":{\"@id\":\"https:\/\/www.iespintorjosemariafernandez.es\/#website\"},\"primaryImageOfPage\":{\"@id\":\"https:\/\/www.iespintorjosemariafernandez.es\/index.php\/2023\/03\/28\/feria-de-formacion-profesional-2023\/#primaryimage\"},\"image\":{\"@id\":\"https:\/\/www.iespintorjosemariafernandez.es\/index.php\/2023\/03\/28\/feria-de-formacion-profesional-2023\/#primaryimage\"},\"thumbnailUrl\":\"https:\/\/www.iespintorjosemariafernandez.es\/wp-content\/uploads\/2023\/03\/plazatoros.jpg\",\"datePublished\":\"2023-03-28T09:43:14+00:00\",\"dateModified\":\"2023-04-13T09:28:53+00:00\",\"breadcrumb\":{\"@id\":\"https:\/\/www.iespintorjosemariafernandez.es\/index.php\/2023\/03\/28\/feria-de-formacion-profesional-2023\/#breadcrumb\"},\"inLanguage\":\"es\",\"potentialAction\":[{\"@type\":\"ReadAction\",\"target\":[\"https:\/\/www.iespintorjosemariafernandez.es\/index.php\/2023\/03\/28\/feria-de-formacion-profesional-2023\/\"]}]},{\"@type\":\"ImageObject\",\"inLanguage\":\"es\",\"@id\":\"https:\/\/www.iespintorjosemariafernandez.es\/index.php\/2023\/03\/28\/feria-de-formacion-profesional-2023\/#primaryimage\",\"url\":\"https:\/\/www.iespintorjosemariafernandez.es\/wp-content\/uploads\/2023\/03\/plazatoros.jpg\",\"contentUrl\":\"https:\/\/www.iespintorjosemariafernandez.es\/wp-content\/uploads\/2023\/03\/plazatoros.jpg\",\"width\":300,\"height\":200,\"caption\":\"Plaza de Toros de Antequera\"},{\"@type\":\"BreadcrumbList\",\"@id\":\"https:\/\/www.iespintorjosemariafernandez.es\/index.php\/2023\/03\/28\/feria-de-formacion-profesional-2023\/#breadcrumb\",\"itemListElement\":[{\"@type\":\"ListItem\",\"position\":1,\"name\":\"IES Pintor Jos\u00e9 Mar\u00eda Fern\u00e1ndez\",\"item\":\"https:\/\/www.iespintorjosemariafernandez.es\/\"},{\"@type\":\"ListItem\",\"position\":2,\"name\":\"Feria de Formaci\u00f3n Profesional 2023\"}]},{\"@type\":\"WebSite\",\"@id\":\"https:\/\/www.iespintorjosemariafernandez.es\/#website\",\"url\":\"https:\/\/www.iespintorjosemariafernandez.es\/\",\"name\":\"IES Pintor Jos\u00e9 M\u00aa Fern\u00e1ndez\",\"description\":\"IES Bachillerato Formaci\u00f3n Profesional en Antequera (M\u00e1laga)\",\"publisher\":{\"@id\":\"https:\/\/www.iespintorjosemariafernandez.es\/#organization\"},\"alternateName\":\"IES Pintor Antequera\",\"potentialAction\":[{\"@type\":\"SearchAction\",\"target\":{\"@type\":\"EntryPoint\",\"urlTemplate\":\"https:\/\/www.iespintorjosemariafernandez.es\/?s={search_term_string}\"},\"query-input\":{\"@type\":\"PropertyValueSpecification\",\"valueRequired\":true,\"valueName\":\"search_term_string\"}}],\"inLanguage\":\"es\"},{\"@type\":\"Organization\",\"@id\":\"https:\/\/www.iespintorjosemariafernandez.es\/#organization\",\"name\":\"IES Pintor Antequera\",\"alternateName\":\"IES Pintor\",\"url\":\"https:\/\/www.iespintorjosemariafernandez.es\/\",\"logo\":{\"@type\":\"ImageObject\",\"inLanguage\":\"es\",\"@id\":\"https:\/\/www.iespintorjosemariafernandez.es\/#\/schema\/logo\/image\/\",\"url\":\"https:\/\/www.iespintorjosemariafernandez.es\/wp-content\/uploads\/2023\/03\/logopintor_150.png\",\"contentUrl\":\"https:\/\/www.iespintorjosemariafernandez.es\/wp-content\/uploads\/2023\/03\/logopintor_150.png\",\"width\":150,\"height\":150,\"caption\":\"IES Pintor Antequera\"},\"image\":{\"@id\":\"https:\/\/www.iespintorjosemariafernandez.es\/#\/schema\/logo\/image\/\"},\"sameAs\":[\"https:\/\/www.facebook.com\/iesjosemaria.fernandez.5\",\"https:\/\/x.com\/JmfPintor\",\"https:\/\/www.instagram.com\/ies.pin\/\",\"https:\/\/www.instagram.com\/biblioiespintor\/\"]},{\"@type\":\"Person\",\"@id\":\"https:\/\/www.iespintorjosemariafernandez.es\/#\/schema\/person\/0805ccb6cb3189b15252bc9077af5344\",\"name\":\"admin\",\"image\":{\"@type\":\"ImageObject\",\"inLanguage\":\"es\",\"@id\":\"https:\/\/www.iespintorjosemariafernandez.es\/#\/schema\/person\/image\/\",\"url\":\"https:\/\/secure.gravatar.com\/avatar\/5d54500f01ceb5dfd0bac4770612f738ce910891e3ed3050c4e8ace2cb551e0a?s=96&d=retro&r=g\",\"contentUrl\":\"https:\/\/secure.gravatar.com\/avatar\/5d54500f01ceb5dfd0bac4770612f738ce910891e3ed3050c4e8ace2cb551e0a?s=96&d=retro&r=g\",\"caption\":\"admin\"},\"sameAs\":[\"https:\/\/www.iespintorjosemariafernandez.es\"],\"url\":\"https:\/\/www.iespintorjosemariafernandez.es\/index.php\/author\/admin\/\"}]}<\/script>\n<!-- \/ Yoast SEO plugin. -->","yoast_head_json":{"title":"Feria de Formaci\u00f3n Profesional 2023 - IES Pintor Jos\u00e9 M\u00aa Fern\u00e1ndez","robots":{"index":"index","follow":"follow","max-snippet":"max-snippet:-1","max-image-preview":"max-image-preview:large","max-video-preview":"max-video-preview:-1"},"canonical":"https:\/\/www.iespintorjosemariafernandez.es\/index.php\/2023\/03\/28\/feria-de-formacion-profesional-2023\/","og_locale":"es_ES","og_type":"article","og_title":"Feria de Formaci\u00f3n Profesional 2023 - IES Pintor Jos\u00e9 M\u00aa Fern\u00e1ndez","og_description":"Los pr\u00f3ximos d\u00edas 29 y 30 de marzo se celebrar\u00e1 la Feria de Formaci\u00f3n Profesional en la Plaza de Toros de Antequera. \u00a0 Nuestro IES presentar\u00e1 un stand en el que los asistentes podr\u00e1n conocer nuestra oferta en estas ense\u00f1anzas. Los horarios son los siguientes: MI\u00c9RCOLES 29, MA\u00d1ANA DE 9:00 A 14:00 HORAS MI\u00c9RCOLES 29, [&hellip;]","og_url":"https:\/\/www.iespintorjosemariafernandez.es\/index.php\/2023\/03\/28\/feria-de-formacion-profesional-2023\/","og_site_name":"IES Pintor Jos\u00e9 M\u00aa Fern\u00e1ndez","article_publisher":"https:\/\/www.facebook.com\/iesjosemaria.fernandez.5","article_published_time":"2023-03-28T09:43:14+00:00","article_modified_time":"2023-04-13T09:28:53+00:00","og_image":[{"width":300,"height":200,"url":"https:\/\/www.iespintorjosemariafernandez.es\/wp-content\/uploads\/2023\/03\/plazatoros.jpg","type":"image\/jpeg"}],"author":"admin","twitter_card":"summary_large_image","twitter_creator":"@JmfPintor","twitter_site":"@JmfPintor","twitter_misc":{"Escrito por":"admin","Tiempo de lectura":"1 minuto"},"schema":{"@context":"https:\/\/schema.org","@graph":[{"@type":"Article","@id":"https:\/\/www.iespintorjosemariafernandez.es\/index.php\/2023\/03\/28\/feria-de-formacion-profesional-2023\/#article","isPartOf":{"@id":"https:\/\/www.iespintorjosemariafernandez.es\/index.php\/2023\/03\/28\/feria-de-formacion-profesional-2023\/"},"author":{"name":"admin","@id":"https:\/\/www.iespintorjosemariafernandez.es\/#\/schema\/person\/0805ccb6cb3189b15252bc9077af5344"},"headline":"Feria de Formaci\u00f3n Profesional 2023","datePublished":"2023-03-28T09:43:14+00:00","dateModified":"2023-04-13T09:28:53+00:00","mainEntityOfPage":{"@id":"https:\/\/www.iespintorjosemariafernandez.es\/index.php\/2023\/03\/28\/feria-de-formacion-profesional-2023\/"},"wordCount":125,"commentCount":0,"publisher":{"@id":"https:\/\/www.iespintorjosemariafernandez.es\/#organization"},"image":{"@id":"https:\/\/www.iespintorjosemariafernandez.es\/index.php\/2023\/03\/28\/feria-de-formacion-profesional-2023\/#primaryimage"},"thumbnailUrl":"https:\/\/www.iespintorjosemariafernandez.es\/wp-content\/uploads\/2023\/03\/plazatoros.jpg","articleSection":["Actividades","Formaci\u00f3n Profesional"],"inLanguage":"es","potentialAction":[{"@type":"CommentAction","name":"Comment","target":["https:\/\/www.iespintorjosemariafernandez.es\/index.php\/2023\/03\/28\/feria-de-formacion-profesional-2023\/#respond"]}]},{"@type":"WebPage","@id":"https:\/\/www.iespintorjosemariafernandez.es\/index.php\/2023\/03\/28\/feria-de-formacion-profesional-2023\/","url":"https:\/\/www.iespintorjosemariafernandez.es\/index.php\/2023\/03\/28\/feria-de-formacion-profesional-2023\/","name":"Feria de Formaci\u00f3n Profesional 2023 - IES Pintor Jos\u00e9 M\u00aa Fern\u00e1ndez","isPartOf":{"@id":"https:\/\/www.iespintorjosemariafernandez.es\/#website"},"primaryImageOfPage":{"@id":"https:\/\/www.iespintorjosemariafernandez.es\/index.php\/2023\/03\/28\/feria-de-formacion-profesional-2023\/#primaryimage"},"image":{"@id":"https:\/\/www.iespintorjosemariafernandez.es\/index.php\/2023\/03\/28\/feria-de-formacion-profesional-2023\/#primaryimage"},"thumbnailUrl":"https:\/\/www.iespintorjosemariafernandez.es\/wp-content\/uploads\/2023\/03\/plazatoros.jpg","datePublished":"2023-03-28T09:43:14+00:00","dateModified":"2023-04-13T09:28:53+00:00","breadcrumb":{"@id":"https:\/\/www.iespintorjosemariafernandez.es\/index.php\/2023\/03\/28\/feria-de-formacion-profesional-2023\/#breadcrumb"},"inLanguage":"es","potentialAction":[{"@type":"ReadAction","target":["https:\/\/www.iespintorjosemariafernandez.es\/index.php\/2023\/03\/28\/feria-de-formacion-profesional-2023\/"]}]},{"@type":"ImageObject","inLanguage":"es","@id":"https:\/\/www.iespintorjosemariafernandez.es\/index.php\/2023\/03\/28\/feria-de-formacion-profesional-2023\/#primaryimage","url":"https:\/\/www.iespintorjosemariafernandez.es\/wp-content\/uploads\/2023\/03\/plazatoros.jpg","contentUrl":"https:\/\/www.iespintorjosemariafernandez.es\/wp-content\/uploads\/2023\/03\/plazatoros.jpg","width":300,"height":200,"caption":"Plaza de Toros de Antequera"},{"@type":"BreadcrumbList","@id":"https:\/\/www.iespintorjosemariafernandez.es\/index.php\/2023\/03\/28\/feria-de-formacion-profesional-2023\/#breadcrumb","itemListElement":[{"@type":"ListItem","position":1,"name":"IES Pintor Jos\u00e9 Mar\u00eda Fern\u00e1ndez","item":"https:\/\/www.iespintorjosemariafernandez.es\/"},{"@type":"ListItem","position":2,"name":"Feria de Formaci\u00f3n Profesional 2023"}]},{"@type":"WebSite","@id":"https:\/\/www.iespintorjosemariafernandez.es\/#website","url":"https:\/\/www.iespintorjosemariafernandez.es\/","name":"IES Pintor Jos\u00e9 M\u00aa Fern\u00e1ndez","description":"IES Bachillerato Formaci\u00f3n Profesional en Antequera (M\u00e1laga)","publisher":{"@id":"https:\/\/www.iespintorjosemariafernandez.es\/#organization"},"alternateName":"IES Pintor Antequera","potentialAction":[{"@type":"SearchAction","target":{"@type":"EntryPoint","urlTemplate":"https:\/\/www.iespintorjosemariafernandez.es\/?s={search_term_string}"},"query-input":{"@type":"PropertyValueSpecification","valueRequired":true,"valueName":"search_term_string"}}],"inLanguage":"es"},{"@type":"Organization","@id":"https:\/\/www.iespintorjosemariafernandez.es\/#organization","name":"IES Pintor Antequera","alternateName":"IES Pintor","url":"https:\/\/www.iespintorjosemariafernandez.es\/","logo":{"@type":"ImageObject","inLanguage":"es","@id":"https:\/\/www.iespintorjosemariafernandez.es\/#\/schema\/logo\/image\/","url":"https:\/\/www.iespintorjosemariafernandez.es\/wp-content\/uploads\/2023\/03\/logopintor_150.png","contentUrl":"https:\/\/www.iespintorjosemariafernandez.es\/wp-content\/uploads\/2023\/03\/logopintor_150.png","width":150,"height":150,"caption":"IES Pintor Antequera"},"image":{"@id":"https:\/\/www.iespintorjosemariafernandez.es\/#\/schema\/logo\/image\/"},"sameAs":["https:\/\/www.facebook.com\/iesjosemaria.fernandez.5","https:\/\/x.com\/JmfPintor","https:\/\/www.instagram.com\/ies.pin\/","https:\/\/www.instagram.com\/biblioiespintor\/"]},{"@type":"Person","@id":"https:\/\/www.iespintorjosemariafernandez.es\/#\/schema\/person\/0805ccb6cb3189b15252bc9077af5344","name":"admin","image":{"@type":"ImageObject","inLanguage":"es","@id":"https:\/\/www.iespintorjosemariafernandez.es\/#\/schema\/person\/image\/","url":"https:\/\/secure.gravatar.com\/avatar\/5d54500f01ceb5dfd0bac4770612f738ce910891e3ed3050c4e8ace2cb551e0a?s=96&d=retro&r=g","contentUrl":"https:\/\/secure.gravatar.com\/avatar\/5d54500f01ceb5dfd0bac4770612f738ce910891e3ed3050c4e8ace2cb551e0a?s=96&d=retro&r=g","caption":"admin"},"sameAs":["https:\/\/www.iespintorjosemariafernandez.es"],"url":"https:\/\/www.iespintorjosemariafernandez.es\/index.php\/author\/admin\/"}]}},"_links":{"self":[{"href":"https:\/\/www.iespintorjosemariafernandez.es\/index.php\/wp-json\/wp\/v2\/posts\/396","targetHints":{"allow":["GET"]}}],"collection":[{"href":"https:\/\/www.iespintorjosemariafernandez.es\/index.php\/wp-json\/wp\/v2\/posts"}],"about":[{"href":"https:\/\/www.iespintorjosemariafernandez.es\/index.php\/wp-json\/wp\/v2\/types\/post"}],"author":[{"embeddable":true,"href":"https:\/\/www.iespintorjosemariafernandez.es\/index.php\/wp-json\/wp\/v2\/users\/1"}],"replies":[{"embeddable":true,"href":"https:\/\/www.iespintorjosemariafernandez.es\/index.php\/wp-json\/wp\/v2\/comments?post=396"}],"version-history":[{"count":12,"href":"https:\/\/www.iespintorjosemariafernandez.es\/index.php\/wp-json\/wp\/v2\/posts\/396\/revisions"}],"predecessor-version":[{"id":557,"href":"https:\/\/www.iespintorjosemariafernandez.es\/index.php\/wp-json\/wp\/v2\/posts\/396\/revisions\/557"}],"wp:featuredmedia":[{"embeddable":true,"href":"https:\/\/www.iespintorjosemariafernandez.es\/index.php\/wp-json\/wp\/v2\/media\/406"}],"wp:attachment":[{"href":"https:\/\/www.iespintorjosemariafernandez.es\/index.php\/wp-json\/wp\/v2\/media?parent=396"}],"wp:term":[{"taxonomy":"category","embeddable":true,"href":"https:\/\/www.iespintorjosemariafernandez.es\/index.php\/wp-json\/wp\/v2\/categories?post=396"},{"taxonomy":"post_tag","embeddable":true,"href":"https:\/\/www.iespintorjosemariafernandez.es\/index.php\/wp-json\/wp\/v2\/tags?post=396"}],"curies":[{"name":"wp","href":"https:\/\/api.w.org\/{rel}","templated":true}]}}