{"id":2165,"date":"2024-09-11T11:04:35","date_gmt":"2024-09-11T09:04:35","guid":{"rendered":"https:\/\/www.iespintorjosemariafernandez.es\/?p=2165"},"modified":"2024-09-11T11:05:34","modified_gmt":"2024-09-11T09:05:34","slug":"2024-2025-inicio-de-curso","status":"publish","type":"post","link":"https:\/\/www.iespintorjosemariafernandez.es\/index.php\/2024\/09\/11\/2024-2025-inicio-de-curso\/","title":{"rendered":"2024\/2025. Inicio de curso"},"content":{"rendered":"\t\t<div data-elementor-type=\"wp-post\" data-elementor-id=\"2165\" class=\"elementor elementor-2165\">\n\t\t\t\t<div class=\"elementor-element elementor-element-1726268 e-flex e-con-boxed e-con e-parent\" data-id=\"1726268\" data-element_type=\"container\" data-e-type=\"container\">\n\t\t\t\t\t<div class=\"e-con-inner\">\n\t\t<div class=\"elementor-element elementor-element-5c9ed00 e-con-full e-flex e-con e-child\" data-id=\"5c9ed00\" data-element_type=\"container\" data-e-type=\"container\">\n\t\t\t\t<div class=\"elementor-element elementor-element-08178c3 elementor-widget elementor-widget-text-editor\" data-id=\"08178c3\" data-element_type=\"widget\" data-e-type=\"widget\" data-widget_type=\"text-editor.default\">\n\t\t\t\t<div class=\"elementor-widget-container\">\n\t\t\t\t\t\t\t\t\t<p>HORARIO PRIMER D\u00cdA 17 SEPTIEMBRE<\/p>\n<ul>\n<li>ESO: DE 12:00 A 15:00 h.<\/li>\n<li>Bachillerato y CCFF: de 13:00 a 15:00 h.<\/li>\n<\/ul>\n<p>A las 12:00 h recepci\u00f3n padres y madres de alumnos de 1\u00ba y 3\u00ba ESO de nueva incorporaci\u00f3n en la biblioteca del centro.<\/p>\t\t\t\t\t\t\t\t<\/div>\n\t\t\t\t<\/div>\n\t\t\t\t<\/div>\n\t\t\t\t\t<\/div>\n\t\t\t\t<\/div>\n\t\t\t\t<\/div>\n\t\t","protected":false},"excerpt":{"rendered":"<p>2024-2025. Inicio de curso<\/p>\n","protected":false},"author":1,"featured_media":2163,"comment_status":"closed","ping_status":"open","sticky":false,"template":"","format":"standard","meta":{"_eb_attr":"","footnotes":""},"categories":[10,1,5],"tags":[],"class_list":["post-2165","post","type-post","status-publish","format-standard","has-post-thumbnail","hentry","category-eso","category-general","category-secre"],"yoast_head":"<!-- This site is optimized with the Yoast SEO plugin v27.0 - https:\/\/yoast.com\/product\/yoast-seo-wordpress\/ -->\n<title>2024\/2025. Inicio de curso - IES Pintor Jos\u00e9 M\u00aa Fern\u00e1ndez<\/title>\n<meta name=\"robots\" content=\"index, follow, max-snippet:-1, max-image-preview:large, max-video-preview:-1\" \/>\n<link rel=\"canonical\" href=\"https:\/\/www.iespintorjosemariafernandez.es\/index.php\/2024\/09\/11\/2024-2025-inicio-de-curso\/\" \/>\n<meta property=\"og:locale\" content=\"es_ES\" \/>\n<meta property=\"og:type\" content=\"article\" \/>\n<meta property=\"og:title\" content=\"2024\/2025. Inicio de curso - IES Pintor Jos\u00e9 M\u00aa Fern\u00e1ndez\" \/>\n<meta property=\"og:description\" content=\"2024-2025. Inicio de curso\" \/>\n<meta property=\"og:url\" content=\"https:\/\/www.iespintorjosemariafernandez.es\/index.php\/2024\/09\/11\/2024-2025-inicio-de-curso\/\" \/>\n<meta property=\"og:site_name\" content=\"IES Pintor Jos\u00e9 M\u00aa Fern\u00e1ndez\" \/>\n<meta property=\"article:publisher\" content=\"https:\/\/www.facebook.com\/iesjosemaria.fernandez.5\" \/>\n<meta property=\"article:published_time\" content=\"2024-09-11T09:04:35+00:00\" \/>\n<meta property=\"article:modified_time\" content=\"2024-09-11T09:05:34+00:00\" \/>\n<meta property=\"og:image\" content=\"https:\/\/www.iespintorjosemariafernandez.es\/wp-content\/uploads\/2024\/09\/2024-2025.-Inicio-curso.jpeg\" \/>\n\t<meta property=\"og:image:width\" content=\"688\" \/>\n\t<meta property=\"og:image:height\" content=\"950\" \/>\n\t<meta property=\"og:image:type\" content=\"image\/jpeg\" \/>\n<meta name=\"author\" content=\"admin\" \/>\n<meta name=\"twitter:card\" content=\"summary_large_image\" \/>\n<meta name=\"twitter:creator\" content=\"@JmfPintor\" \/>\n<meta name=\"twitter:site\" content=\"@JmfPintor\" \/>\n<meta name=\"twitter:label1\" content=\"Escrito por\" \/>\n\t<meta name=\"twitter:data1\" content=\"admin\" \/>\n\t<meta name=\"twitter:label2\" content=\"Tiempo de lectura\" \/>\n\t<meta name=\"twitter:data2\" content=\"1 minuto\" \/>\n<script type=\"application\/ld+json\" class=\"yoast-schema-graph\">{\"@context\":\"https:\/\/schema.org\",\"@graph\":[{\"@type\":\"Article\",\"@id\":\"https:\/\/www.iespintorjosemariafernandez.es\/index.php\/2024\/09\/11\/2024-2025-inicio-de-curso\/#article\",\"isPartOf\":{\"@id\":\"https:\/\/www.iespintorjosemariafernandez.es\/index.php\/2024\/09\/11\/2024-2025-inicio-de-curso\/\"},\"author\":{\"name\":\"admin\",\"@id\":\"https:\/\/www.iespintorjosemariafernandez.es\/#\/schema\/person\/0805ccb6cb3189b15252bc9077af5344\"},\"headline\":\"2024\/2025. Inicio de curso\",\"datePublished\":\"2024-09-11T09:04:35+00:00\",\"dateModified\":\"2024-09-11T09:05:34+00:00\",\"mainEntityOfPage\":{\"@id\":\"https:\/\/www.iespintorjosemariafernandez.es\/index.php\/2024\/09\/11\/2024-2025-inicio-de-curso\/\"},\"wordCount\":40,\"publisher\":{\"@id\":\"https:\/\/www.iespintorjosemariafernandez.es\/#organization\"},\"image\":{\"@id\":\"https:\/\/www.iespintorjosemariafernandez.es\/index.php\/2024\/09\/11\/2024-2025-inicio-de-curso\/#primaryimage\"},\"thumbnailUrl\":\"https:\/\/www.iespintorjosemariafernandez.es\/wp-content\/uploads\/2024\/09\/2024-2025.-Inicio-curso.jpeg\",\"articleSection\":[\"ESO\",\"General\",\"Secretar\u00eda\"],\"inLanguage\":\"es\"},{\"@type\":\"WebPage\",\"@id\":\"https:\/\/www.iespintorjosemariafernandez.es\/index.php\/2024\/09\/11\/2024-2025-inicio-de-curso\/\",\"url\":\"https:\/\/www.iespintorjosemariafernandez.es\/index.php\/2024\/09\/11\/2024-2025-inicio-de-curso\/\",\"name\":\"2024\/2025. Inicio de curso - IES Pintor Jos\u00e9 M\u00aa Fern\u00e1ndez\",\"isPartOf\":{\"@id\":\"https:\/\/www.iespintorjosemariafernandez.es\/#website\"},\"primaryImageOfPage\":{\"@id\":\"https:\/\/www.iespintorjosemariafernandez.es\/index.php\/2024\/09\/11\/2024-2025-inicio-de-curso\/#primaryimage\"},\"image\":{\"@id\":\"https:\/\/www.iespintorjosemariafernandez.es\/index.php\/2024\/09\/11\/2024-2025-inicio-de-curso\/#primaryimage\"},\"thumbnailUrl\":\"https:\/\/www.iespintorjosemariafernandez.es\/wp-content\/uploads\/2024\/09\/2024-2025.-Inicio-curso.jpeg\",\"datePublished\":\"2024-09-11T09:04:35+00:00\",\"dateModified\":\"2024-09-11T09:05:34+00:00\",\"breadcrumb\":{\"@id\":\"https:\/\/www.iespintorjosemariafernandez.es\/index.php\/2024\/09\/11\/2024-2025-inicio-de-curso\/#breadcrumb\"},\"inLanguage\":\"es\",\"potentialAction\":[{\"@type\":\"ReadAction\",\"target\":[\"https:\/\/www.iespintorjosemariafernandez.es\/index.php\/2024\/09\/11\/2024-2025-inicio-de-curso\/\"]}]},{\"@type\":\"ImageObject\",\"inLanguage\":\"es\",\"@id\":\"https:\/\/www.iespintorjosemariafernandez.es\/index.php\/2024\/09\/11\/2024-2025-inicio-de-curso\/#primaryimage\",\"url\":\"https:\/\/www.iespintorjosemariafernandez.es\/wp-content\/uploads\/2024\/09\/2024-2025.-Inicio-curso.jpeg\",\"contentUrl\":\"https:\/\/www.iespintorjosemariafernandez.es\/wp-content\/uploads\/2024\/09\/2024-2025.-Inicio-curso.jpeg\",\"width\":688,\"height\":950,\"caption\":\"2024-2025. Inicio curso\"},{\"@type\":\"BreadcrumbList\",\"@id\":\"https:\/\/www.iespintorjosemariafernandez.es\/index.php\/2024\/09\/11\/2024-2025-inicio-de-curso\/#breadcrumb\",\"itemListElement\":[{\"@type\":\"ListItem\",\"position\":1,\"name\":\"IES Pintor Jos\u00e9 Mar\u00eda Fern\u00e1ndez\",\"item\":\"https:\/\/www.iespintorjosemariafernandez.es\/\"},{\"@type\":\"ListItem\",\"position\":2,\"name\":\"2024\/2025. Inicio de curso\"}]},{\"@type\":\"WebSite\",\"@id\":\"https:\/\/www.iespintorjosemariafernandez.es\/#website\",\"url\":\"https:\/\/www.iespintorjosemariafernandez.es\/\",\"name\":\"IES Pintor Jos\u00e9 M\u00aa Fern\u00e1ndez\",\"description\":\"IES Bachillerato Formaci\u00f3n Profesional en Antequera (M\u00e1laga)\",\"publisher\":{\"@id\":\"https:\/\/www.iespintorjosemariafernandez.es\/#organization\"},\"alternateName\":\"IES Pintor Antequera\",\"potentialAction\":[{\"@type\":\"SearchAction\",\"target\":{\"@type\":\"EntryPoint\",\"urlTemplate\":\"https:\/\/www.iespintorjosemariafernandez.es\/?s={search_term_string}\"},\"query-input\":{\"@type\":\"PropertyValueSpecification\",\"valueRequired\":true,\"valueName\":\"search_term_string\"}}],\"inLanguage\":\"es\"},{\"@type\":\"Organization\",\"@id\":\"https:\/\/www.iespintorjosemariafernandez.es\/#organization\",\"name\":\"IES Pintor Antequera\",\"alternateName\":\"IES Pintor\",\"url\":\"https:\/\/www.iespintorjosemariafernandez.es\/\",\"logo\":{\"@type\":\"ImageObject\",\"inLanguage\":\"es\",\"@id\":\"https:\/\/www.iespintorjosemariafernandez.es\/#\/schema\/logo\/image\/\",\"url\":\"https:\/\/www.iespintorjosemariafernandez.es\/wp-content\/uploads\/2023\/03\/logopintor_150.png\",\"contentUrl\":\"https:\/\/www.iespintorjosemariafernandez.es\/wp-content\/uploads\/2023\/03\/logopintor_150.png\",\"width\":150,\"height\":150,\"caption\":\"IES Pintor Antequera\"},\"image\":{\"@id\":\"https:\/\/www.iespintorjosemariafernandez.es\/#\/schema\/logo\/image\/\"},\"sameAs\":[\"https:\/\/www.facebook.com\/iesjosemaria.fernandez.5\",\"https:\/\/x.com\/JmfPintor\",\"https:\/\/www.instagram.com\/ies.pin\/\",\"https:\/\/www.instagram.com\/biblioiespintor\/\"]},{\"@type\":\"Person\",\"@id\":\"https:\/\/www.iespintorjosemariafernandez.es\/#\/schema\/person\/0805ccb6cb3189b15252bc9077af5344\",\"name\":\"admin\",\"image\":{\"@type\":\"ImageObject\",\"inLanguage\":\"es\",\"@id\":\"https:\/\/www.iespintorjosemariafernandez.es\/#\/schema\/person\/image\/\",\"url\":\"https:\/\/secure.gravatar.com\/avatar\/5d54500f01ceb5dfd0bac4770612f738ce910891e3ed3050c4e8ace2cb551e0a?s=96&d=retro&r=g\",\"contentUrl\":\"https:\/\/secure.gravatar.com\/avatar\/5d54500f01ceb5dfd0bac4770612f738ce910891e3ed3050c4e8ace2cb551e0a?s=96&d=retro&r=g\",\"caption\":\"admin\"},\"sameAs\":[\"https:\/\/www.iespintorjosemariafernandez.es\"],\"url\":\"https:\/\/www.iespintorjosemariafernandez.es\/index.php\/author\/admin\/\"}]}<\/script>\n<!-- \/ Yoast SEO plugin. -->","yoast_head_json":{"title":"2024\/2025. Inicio de curso - IES Pintor Jos\u00e9 M\u00aa Fern\u00e1ndez","robots":{"index":"index","follow":"follow","max-snippet":"max-snippet:-1","max-image-preview":"max-image-preview:large","max-video-preview":"max-video-preview:-1"},"canonical":"https:\/\/www.iespintorjosemariafernandez.es\/index.php\/2024\/09\/11\/2024-2025-inicio-de-curso\/","og_locale":"es_ES","og_type":"article","og_title":"2024\/2025. Inicio de curso - IES Pintor Jos\u00e9 M\u00aa Fern\u00e1ndez","og_description":"2024-2025. Inicio de curso","og_url":"https:\/\/www.iespintorjosemariafernandez.es\/index.php\/2024\/09\/11\/2024-2025-inicio-de-curso\/","og_site_name":"IES Pintor Jos\u00e9 M\u00aa Fern\u00e1ndez","article_publisher":"https:\/\/www.facebook.com\/iesjosemaria.fernandez.5","article_published_time":"2024-09-11T09:04:35+00:00","article_modified_time":"2024-09-11T09:05:34+00:00","og_image":[{"width":688,"height":950,"url":"https:\/\/www.iespintorjosemariafernandez.es\/wp-content\/uploads\/2024\/09\/2024-2025.-Inicio-curso.jpeg","type":"image\/jpeg"}],"author":"admin","twitter_card":"summary_large_image","twitter_creator":"@JmfPintor","twitter_site":"@JmfPintor","twitter_misc":{"Escrito por":"admin","Tiempo de lectura":"1 minuto"},"schema":{"@context":"https:\/\/schema.org","@graph":[{"@type":"Article","@id":"https:\/\/www.iespintorjosemariafernandez.es\/index.php\/2024\/09\/11\/2024-2025-inicio-de-curso\/#article","isPartOf":{"@id":"https:\/\/www.iespintorjosemariafernandez.es\/index.php\/2024\/09\/11\/2024-2025-inicio-de-curso\/"},"author":{"name":"admin","@id":"https:\/\/www.iespintorjosemariafernandez.es\/#\/schema\/person\/0805ccb6cb3189b15252bc9077af5344"},"headline":"2024\/2025. Inicio de curso","datePublished":"2024-09-11T09:04:35+00:00","dateModified":"2024-09-11T09:05:34+00:00","mainEntityOfPage":{"@id":"https:\/\/www.iespintorjosemariafernandez.es\/index.php\/2024\/09\/11\/2024-2025-inicio-de-curso\/"},"wordCount":40,"publisher":{"@id":"https:\/\/www.iespintorjosemariafernandez.es\/#organization"},"image":{"@id":"https:\/\/www.iespintorjosemariafernandez.es\/index.php\/2024\/09\/11\/2024-2025-inicio-de-curso\/#primaryimage"},"thumbnailUrl":"https:\/\/www.iespintorjosemariafernandez.es\/wp-content\/uploads\/2024\/09\/2024-2025.-Inicio-curso.jpeg","articleSection":["ESO","General","Secretar\u00eda"],"inLanguage":"es"},{"@type":"WebPage","@id":"https:\/\/www.iespintorjosemariafernandez.es\/index.php\/2024\/09\/11\/2024-2025-inicio-de-curso\/","url":"https:\/\/www.iespintorjosemariafernandez.es\/index.php\/2024\/09\/11\/2024-2025-inicio-de-curso\/","name":"2024\/2025. Inicio de curso - IES Pintor Jos\u00e9 M\u00aa Fern\u00e1ndez","isPartOf":{"@id":"https:\/\/www.iespintorjosemariafernandez.es\/#website"},"primaryImageOfPage":{"@id":"https:\/\/www.iespintorjosemariafernandez.es\/index.php\/2024\/09\/11\/2024-2025-inicio-de-curso\/#primaryimage"},"image":{"@id":"https:\/\/www.iespintorjosemariafernandez.es\/index.php\/2024\/09\/11\/2024-2025-inicio-de-curso\/#primaryimage"},"thumbnailUrl":"https:\/\/www.iespintorjosemariafernandez.es\/wp-content\/uploads\/2024\/09\/2024-2025.-Inicio-curso.jpeg","datePublished":"2024-09-11T09:04:35+00:00","dateModified":"2024-09-11T09:05:34+00:00","breadcrumb":{"@id":"https:\/\/www.iespintorjosemariafernandez.es\/index.php\/2024\/09\/11\/2024-2025-inicio-de-curso\/#breadcrumb"},"inLanguage":"es","potentialAction":[{"@type":"ReadAction","target":["https:\/\/www.iespintorjosemariafernandez.es\/index.php\/2024\/09\/11\/2024-2025-inicio-de-curso\/"]}]},{"@type":"ImageObject","inLanguage":"es","@id":"https:\/\/www.iespintorjosemariafernandez.es\/index.php\/2024\/09\/11\/2024-2025-inicio-de-curso\/#primaryimage","url":"https:\/\/www.iespintorjosemariafernandez.es\/wp-content\/uploads\/2024\/09\/2024-2025.-Inicio-curso.jpeg","contentUrl":"https:\/\/www.iespintorjosemariafernandez.es\/wp-content\/uploads\/2024\/09\/2024-2025.-Inicio-curso.jpeg","width":688,"height":950,"caption":"2024-2025. Inicio curso"},{"@type":"BreadcrumbList","@id":"https:\/\/www.iespintorjosemariafernandez.es\/index.php\/2024\/09\/11\/2024-2025-inicio-de-curso\/#breadcrumb","itemListElement":[{"@type":"ListItem","position":1,"name":"IES Pintor Jos\u00e9 Mar\u00eda Fern\u00e1ndez","item":"https:\/\/www.iespintorjosemariafernandez.es\/"},{"@type":"ListItem","position":2,"name":"2024\/2025. Inicio de curso"}]},{"@type":"WebSite","@id":"https:\/\/www.iespintorjosemariafernandez.es\/#website","url":"https:\/\/www.iespintorjosemariafernandez.es\/","name":"IES Pintor Jos\u00e9 M\u00aa Fern\u00e1ndez","description":"IES Bachillerato Formaci\u00f3n Profesional en Antequera (M\u00e1laga)","publisher":{"@id":"https:\/\/www.iespintorjosemariafernandez.es\/#organization"},"alternateName":"IES Pintor Antequera","potentialAction":[{"@type":"SearchAction","target":{"@type":"EntryPoint","urlTemplate":"https:\/\/www.iespintorjosemariafernandez.es\/?s={search_term_string}"},"query-input":{"@type":"PropertyValueSpecification","valueRequired":true,"valueName":"search_term_string"}}],"inLanguage":"es"},{"@type":"Organization","@id":"https:\/\/www.iespintorjosemariafernandez.es\/#organization","name":"IES Pintor Antequera","alternateName":"IES Pintor","url":"https:\/\/www.iespintorjosemariafernandez.es\/","logo":{"@type":"ImageObject","inLanguage":"es","@id":"https:\/\/www.iespintorjosemariafernandez.es\/#\/schema\/logo\/image\/","url":"https:\/\/www.iespintorjosemariafernandez.es\/wp-content\/uploads\/2023\/03\/logopintor_150.png","contentUrl":"https:\/\/www.iespintorjosemariafernandez.es\/wp-content\/uploads\/2023\/03\/logopintor_150.png","width":150,"height":150,"caption":"IES Pintor Antequera"},"image":{"@id":"https:\/\/www.iespintorjosemariafernandez.es\/#\/schema\/logo\/image\/"},"sameAs":["https:\/\/www.facebook.com\/iesjosemaria.fernandez.5","https:\/\/x.com\/JmfPintor","https:\/\/www.instagram.com\/ies.pin\/","https:\/\/www.instagram.com\/biblioiespintor\/"]},{"@type":"Person","@id":"https:\/\/www.iespintorjosemariafernandez.es\/#\/schema\/person\/0805ccb6cb3189b15252bc9077af5344","name":"admin","image":{"@type":"ImageObject","inLanguage":"es","@id":"https:\/\/www.iespintorjosemariafernandez.es\/#\/schema\/person\/image\/","url":"https:\/\/secure.gravatar.com\/avatar\/5d54500f01ceb5dfd0bac4770612f738ce910891e3ed3050c4e8ace2cb551e0a?s=96&d=retro&r=g","contentUrl":"https:\/\/secure.gravatar.com\/avatar\/5d54500f01ceb5dfd0bac4770612f738ce910891e3ed3050c4e8ace2cb551e0a?s=96&d=retro&r=g","caption":"admin"},"sameAs":["https:\/\/www.iespintorjosemariafernandez.es"],"url":"https:\/\/www.iespintorjosemariafernandez.es\/index.php\/author\/admin\/"}]}},"_links":{"self":[{"href":"https:\/\/www.iespintorjosemariafernandez.es\/index.php\/wp-json\/wp\/v2\/posts\/2165","targetHints":{"allow":["GET"]}}],"collection":[{"href":"https:\/\/www.iespintorjosemariafernandez.es\/index.php\/wp-json\/wp\/v2\/posts"}],"about":[{"href":"https:\/\/www.iespintorjosemariafernandez.es\/index.php\/wp-json\/wp\/v2\/types\/post"}],"author":[{"embeddable":true,"href":"https:\/\/www.iespintorjosemariafernandez.es\/index.php\/wp-json\/wp\/v2\/users\/1"}],"replies":[{"embeddable":true,"href":"https:\/\/www.iespintorjosemariafernandez.es\/index.php\/wp-json\/wp\/v2\/comments?post=2165"}],"version-history":[{"count":15,"href":"https:\/\/www.iespintorjosemariafernandez.es\/index.php\/wp-json\/wp\/v2\/posts\/2165\/revisions"}],"predecessor-version":[{"id":2180,"href":"https:\/\/www.iespintorjosemariafernandez.es\/index.php\/wp-json\/wp\/v2\/posts\/2165\/revisions\/2180"}],"wp:featuredmedia":[{"embeddable":true,"href":"https:\/\/www.iespintorjosemariafernandez.es\/index.php\/wp-json\/wp\/v2\/media\/2163"}],"wp:attachment":[{"href":"https:\/\/www.iespintorjosemariafernandez.es\/index.php\/wp-json\/wp\/v2\/media?parent=2165"}],"wp:term":[{"taxonomy":"category","embeddable":true,"href":"https:\/\/www.iespintorjosemariafernandez.es\/index.php\/wp-json\/wp\/v2\/categories?post=2165"},{"taxonomy":"post_tag","embeddable":true,"href":"https:\/\/www.iespintorjosemariafernandez.es\/index.php\/wp-json\/wp\/v2\/tags?post=2165"}],"curies":[{"name":"wp","href":"https:\/\/api.w.org\/{rel}","templated":true}]}}